{"id":180,"date":"2025-09-14T04:19:48","date_gmt":"2025-09-14T07:19:48","guid":{"rendered":"https:\/\/evisa.xpressbuddy.com\/student-visa-consulting-and-the-road-to-higher-copy\/"},"modified":"2026-04-28T12:34:33","modified_gmt":"2026-04-28T15:34:33","slug":"bl-corp-se-hizo-presente-en-el-superclasico","status":"publish","type":"post","link":"https:\/\/blcorporations.com\/en\/bl-corp-se-hizo-presente-en-el-superclasico\/","title":{"rendered":"BL Corp was present at the Supercl\u00e1sico"},"content":{"rendered":"<div data-elementor-type=\"wp-post\" data-elementor-id=\"180\" class=\"elementor elementor-180\">\n\t\t\t\t<div class=\"elementor-element elementor-element-c3e721a e-flex e-con-boxed e-con e-parent\" data-id=\"c3e721a\" data-element_type=\"container\" data-e-type=\"container\">\n\t\t\t\t\t<div class=\"e-con-inner\">\n\t\t\t\t<div class=\"elementor-element elementor-element-1847739c elementor-widget elementor-widget-text-editor\" data-id=\"1847739c\" data-element_type=\"widget\" data-e-type=\"widget\" data-widget_type=\"text-editor.default\">\n\t\t\t\t\t\t\t\t\t<style>\n  h2 {\n    font-size: 2rem; \/* escritorio *\/\n    line-height: 1.3;\n  }\n\n  p {\n    font-size: 1rem; \/* escritorio *\/\n    line-height: 1.6;\n  }\n\n  blockquote {\n    font-style: italic;\n    color: #475569;\n    border-left: 2px solid #F18700;\n    padding-left: 1rem;\n    margin: 1.5rem 0;\n    font-size: 1.1rem;\n  }\n\n  blockquote footer {\n    display: block;\n    margin-top: 0.5rem;\n    font-size: 0.95rem;\n    color: #64748b;\n    font-style: normal;\n  }\n\n  \/* \ud83d\udd3d Ajustes para m\u00f3viles *\/\n  @media (max-width: 768px) {\n    h2 {\n      font-size: 1.2rem; \/* m\u00e1s peque\u00f1o pero coherente con el texto *\/\n      line-height: 1.3;\n    }\n    p {\n      font-size: 1rem; \/* ~16px para coherencia *\/\n      line-height: 1.4;\n    }\n    blockquote {\n      font-size: 0.95rem;\n      padding-left: 0.8rem;\n    }\n    blockquote footer {\n      font-size: 0.85rem;\n    }\n  }\n<\/style>\n\n<h2><strong>BL Corporations se hizo presente en el Supercl\u00e1sico del F\u00fatbol Chileno<\/strong><\/h2>\n\n<p><em>Santiago, 14 de septiembre de 2025<\/em> \u2014 Este domingo se vivi\u00f3 una nueva edici\u00f3n del Supercl\u00e1sico del f\u00fatbol chileno entre Colo-Colo y Universidad de Chile, uno de los encuentros m\u00e1s esperados del a\u00f1o y que paraliza a miles de fan\u00e1ticos a lo largo del pa\u00eds.<\/p>\n\n<p>En medio de un Estadio Monumental lleno de emoci\u00f3n y rivalidad deportiva, <strong>BL Corporations<\/strong> se sum\u00f3 como parte de los auspiciadores que aparecieron en las pantallas LED del borde de la cancha. La presencia de la marca en un evento de esta magnitud refuerza su posicionamiento como uno de los holdings log\u00edsticos m\u00e1s relevantes de Chile y Sudam\u00e9rica.<\/p>\n\n<blockquote>\n  <p>\u201cEstar presentes en el Supercl\u00e1sico representa para nosotros un hito importante en materia de visibilidad y cercan\u00eda con la gente. BL Corporations no solo conecta pa\u00edses y empresas, tambi\u00e9n quiere ser parte de los grandes momentos que marcan la identidad cultural y deportiva de Chile\u201d.<\/p>\n  <footer>\u2014 Esteban Marchant, CEO de BL Corporations<\/footer>\n<\/blockquote>\n\n<p>El Supercl\u00e1sico no solo fue un espect\u00e1culo deportivo, tambi\u00e9n una vitrina de alcance nacional e internacional. Miles de hinchas en el estadio y millones de espectadores a trav\u00e9s de la televisi\u00f3n pudieron ver a BL Corporations acompa\u00f1ando este hist\u00f3rico enfrentamiento, reafirmando su compromiso de crecer junto a Chile y proyectarse al mundo.<\/p>\n\n\t\t\t\t\t\t\t\t<\/div>\n\t\t\t\t\t<\/div>\n\t\t\t\t<\/div>\n\t\t\t\t<\/div>","protected":false},"excerpt":{"rendered":"<p>BL Corporations se hizo presente en el Supercl\u00e1sico del F\u00fatbol Chileno Santiago, 14 de septiembre de 2025 \u2014 Este domingo se vivi\u00f3 una nueva edici\u00f3n del Supercl\u00e1sico del f\u00fatbol chileno entre Colo-Colo y Universidad de Chile, uno de los encuentros m\u00e1s esperados del a\u00f1o y que paraliza a miles de fan\u00e1ticos a lo largo del [&hellip;]<\/p>\n","protected":false},"author":1,"featured_media":6043,"comment_status":"closed","ping_status":"closed","sticky":false,"template":"elementor_theme","format":"standard","meta":{"inline_featured_image":false,"footnotes":""},"categories":[6],"tags":[],"class_list":["post-180","post","type-post","status-publish","format-standard","has-post-thumbnail","hentry","category-blcorp"],"yoast_head":"<!-- This site is optimized with the Yoast SEO plugin v27.5 - https:\/\/yoast.com\/product\/yoast-seo-wordpress\/ -->\n<title>BL Corp se hizo Presente en el Supercl\u00e1sico - BL Corporations | 25+ A\u00f1os de experiencia | Chile<\/title>\n<meta name=\"robots\" content=\"index, follow, max-snippet:-1, max-image-preview:large, max-video-preview:-1\" \/>\n<link rel=\"canonical\" href=\"https:\/\/blcorporations.com\/en\/bl-corp-se-hizo-presente-en-el-superclasico\/\" \/>\n<meta property=\"og:locale\" content=\"en_US\" \/>\n<meta property=\"og:type\" content=\"article\" \/>\n<meta property=\"og:title\" content=\"BL Corp se hizo Presente en el Supercl\u00e1sico - BL Corporations | 25+ A\u00f1os de experiencia | Chile\" \/>\n<meta property=\"og:description\" content=\"BL Corporations se hizo presente en el Supercl\u00e1sico del F\u00fatbol Chileno Santiago, 14 de septiembre de 2025 \u2014 Este domingo se vivi\u00f3 una nueva edici\u00f3n del Supercl\u00e1sico del f\u00fatbol chileno entre Colo-Colo y Universidad de Chile, uno de los encuentros m\u00e1s esperados del a\u00f1o y que paraliza a miles de fan\u00e1ticos a lo largo del [&hellip;]\" \/>\n<meta property=\"og:url\" content=\"https:\/\/blcorporations.com\/en\/bl-corp-se-hizo-presente-en-el-superclasico\/\" \/>\n<meta property=\"og:site_name\" content=\"BL Corporations | 25+ A\u00f1os de experiencia | Chile\" \/>\n<meta property=\"article:published_time\" content=\"2025-09-14T07:19:48+00:00\" \/>\n<meta property=\"article:modified_time\" content=\"2026-04-28T15:34:33+00:00\" \/>\n<meta property=\"og:image\" content=\"https:\/\/blcorporations.com\/wp-content\/uploads\/2025\/09\/Sin-titulo-1.jpg\" \/>\n\t<meta property=\"og:image:width\" content=\"1440\" \/>\n\t<meta property=\"og:image:height\" content=\"1080\" \/>\n\t<meta property=\"og:image:type\" content=\"image\/jpeg\" \/>\n<meta name=\"author\" content=\"admon\" \/>\n<meta name=\"twitter:card\" content=\"summary_large_image\" \/>\n<meta name=\"twitter:label1\" content=\"Written by\" \/>\n\t<meta name=\"twitter:data1\" content=\"admon\" \/>\n\t<meta name=\"twitter:label2\" content=\"Est. reading time\" \/>\n\t<meta name=\"twitter:data2\" content=\"1 minute\" \/>\n<script type=\"application\/ld+json\" class=\"yoast-schema-graph\">{\"@context\":\"https:\\\/\\\/schema.org\",\"@graph\":[{\"@type\":\"Article\",\"@id\":\"https:\\\/\\\/blcorporations.com\\\/bl-corp-se-hizo-presente-en-el-superclasico\\\/#article\",\"isPartOf\":{\"@id\":\"https:\\\/\\\/blcorporations.com\\\/bl-corp-se-hizo-presente-en-el-superclasico\\\/\"},\"author\":{\"name\":\"admon\",\"@id\":\"https:\\\/\\\/blcorporations.com\\\/#\\\/schema\\\/person\\\/562e9f9458e11c39c588e3628a79d5ae\"},\"headline\":\"BL Corp se hizo Presente en el Supercl\u00e1sico\",\"datePublished\":\"2025-09-14T07:19:48+00:00\",\"dateModified\":\"2026-04-28T15:34:33+00:00\",\"mainEntityOfPage\":{\"@id\":\"https:\\\/\\\/blcorporations.com\\\/bl-corp-se-hizo-presente-en-el-superclasico\\\/\"},\"wordCount\":247,\"publisher\":{\"@id\":\"https:\\\/\\\/blcorporations.com\\\/#organization\"},\"image\":{\"@id\":\"https:\\\/\\\/blcorporations.com\\\/bl-corp-se-hizo-presente-en-el-superclasico\\\/#primaryimage\"},\"thumbnailUrl\":\"https:\\\/\\\/blcorporations.com\\\/wp-content\\\/uploads\\\/2025\\\/09\\\/Sin-titulo-1.jpg\",\"articleSection\":[\"BL Corp\"],\"inLanguage\":\"en-US\"},{\"@type\":\"WebPage\",\"@id\":\"https:\\\/\\\/blcorporations.com\\\/bl-corp-se-hizo-presente-en-el-superclasico\\\/\",\"url\":\"https:\\\/\\\/blcorporations.com\\\/bl-corp-se-hizo-presente-en-el-superclasico\\\/\",\"name\":\"BL Corp se hizo Presente en el Supercl\u00e1sico - BL Corporations | 25+ A\u00f1os de experiencia | Chile\",\"isPartOf\":{\"@id\":\"https:\\\/\\\/blcorporations.com\\\/#website\"},\"primaryImageOfPage\":{\"@id\":\"https:\\\/\\\/blcorporations.com\\\/bl-corp-se-hizo-presente-en-el-superclasico\\\/#primaryimage\"},\"image\":{\"@id\":\"https:\\\/\\\/blcorporations.com\\\/bl-corp-se-hizo-presente-en-el-superclasico\\\/#primaryimage\"},\"thumbnailUrl\":\"https:\\\/\\\/blcorporations.com\\\/wp-content\\\/uploads\\\/2025\\\/09\\\/Sin-titulo-1.jpg\",\"datePublished\":\"2025-09-14T07:19:48+00:00\",\"dateModified\":\"2026-04-28T15:34:33+00:00\",\"breadcrumb\":{\"@id\":\"https:\\\/\\\/blcorporations.com\\\/bl-corp-se-hizo-presente-en-el-superclasico\\\/#breadcrumb\"},\"inLanguage\":\"en-US\",\"potentialAction\":[{\"@type\":\"ReadAction\",\"target\":[\"https:\\\/\\\/blcorporations.com\\\/bl-corp-se-hizo-presente-en-el-superclasico\\\/\"]}]},{\"@type\":\"ImageObject\",\"inLanguage\":\"en-US\",\"@id\":\"https:\\\/\\\/blcorporations.com\\\/bl-corp-se-hizo-presente-en-el-superclasico\\\/#primaryimage\",\"url\":\"https:\\\/\\\/blcorporations.com\\\/wp-content\\\/uploads\\\/2025\\\/09\\\/Sin-titulo-1.jpg\",\"contentUrl\":\"https:\\\/\\\/blcorporations.com\\\/wp-content\\\/uploads\\\/2025\\\/09\\\/Sin-titulo-1.jpg\",\"width\":1440,\"height\":1080,\"caption\":\"S\u00faper Cl\u00e1sico\"},{\"@type\":\"BreadcrumbList\",\"@id\":\"https:\\\/\\\/blcorporations.com\\\/bl-corp-se-hizo-presente-en-el-superclasico\\\/#breadcrumb\",\"itemListElement\":[{\"@type\":\"ListItem\",\"position\":1,\"name\":\"Portada\",\"item\":\"https:\\\/\\\/blcorporations.com\\\/\"},{\"@type\":\"ListItem\",\"position\":2,\"name\":\"BL Corp se hizo Presente en el Supercl\u00e1sico\"}]},{\"@type\":\"WebSite\",\"@id\":\"https:\\\/\\\/blcorporations.com\\\/#website\",\"url\":\"https:\\\/\\\/blcorporations.com\\\/\",\"name\":\"BL Corporations Chile\",\"description\":\"Integramos procesos, soluciones y personas en un mismo rumbo. Conectamos f\u00e1bricas y fronteras a trav\u00e9s de tecnolog\u00eda, precisi\u00f3n y una red log\u00edstica que no deja espacios vac\u00edos. Donde otros ven rutas, nosotros vemos el futuro. Eso es transformar la log\u00edstica global.\",\"publisher\":{\"@id\":\"https:\\\/\\\/blcorporations.com\\\/#organization\"},\"alternateName\":\"BL Corporations\",\"potentialAction\":[{\"@type\":\"SearchAction\",\"target\":{\"@type\":\"EntryPoint\",\"urlTemplate\":\"https:\\\/\\\/blcorporations.com\\\/?s={search_term_string}\"},\"query-input\":{\"@type\":\"PropertyValueSpecification\",\"valueRequired\":true,\"valueName\":\"search_term_string\"}}],\"inLanguage\":\"en-US\"},{\"@type\":\"Organization\",\"@id\":\"https:\\\/\\\/blcorporations.com\\\/#organization\",\"name\":\"BL Corporations\",\"url\":\"https:\\\/\\\/blcorporations.com\\\/\",\"logo\":{\"@type\":\"ImageObject\",\"inLanguage\":\"en-US\",\"@id\":\"https:\\\/\\\/blcorporations.com\\\/#\\\/schema\\\/logo\\\/image\\\/\",\"url\":\"https:\\\/\\\/blcorporations.com\\\/wp-content\\\/uploads\\\/2025\\\/08\\\/Logo-BL-03-scaled.png\",\"contentUrl\":\"https:\\\/\\\/blcorporations.com\\\/wp-content\\\/uploads\\\/2025\\\/08\\\/Logo-BL-03-scaled.png\",\"width\":2560,\"height\":1508,\"caption\":\"BL Corporations\"},\"image\":{\"@id\":\"https:\\\/\\\/blcorporations.com\\\/#\\\/schema\\\/logo\\\/image\\\/\"},\"sameAs\":[\"https:\\\/\\\/www.linkedin.com\\\/in\\\/blcorporations\\\/\"]},{\"@type\":\"Person\",\"@id\":\"https:\\\/\\\/blcorporations.com\\\/#\\\/schema\\\/person\\\/562e9f9458e11c39c588e3628a79d5ae\",\"name\":\"admon\",\"image\":{\"@type\":\"ImageObject\",\"inLanguage\":\"en-US\",\"@id\":\"https:\\\/\\\/secure.gravatar.com\\\/avatar\\\/6812806546ca9a8b3bd194a5f728fb15a87f1fa8dbbff0a2a49b634b19759790?s=96&d=mm&r=g\",\"url\":\"https:\\\/\\\/secure.gravatar.com\\\/avatar\\\/6812806546ca9a8b3bd194a5f728fb15a87f1fa8dbbff0a2a49b634b19759790?s=96&d=mm&r=g\",\"contentUrl\":\"https:\\\/\\\/secure.gravatar.com\\\/avatar\\\/6812806546ca9a8b3bd194a5f728fb15a87f1fa8dbbff0a2a49b634b19759790?s=96&d=mm&r=g\",\"caption\":\"admon\"},\"sameAs\":[\"https:\\\/\\\/blcorporations.com\"],\"url\":\"https:\\\/\\\/blcorporations.com\\\/en\\\/author\\\/admon\\\/\"}]}<\/script>\n<!-- \/ Yoast SEO plugin. -->","yoast_head_json":{"title":"BL Corp se hizo Presente en el Supercl\u00e1sico - BL Corporations | 25+ A\u00f1os de experiencia | Chile","robots":{"index":"index","follow":"follow","max-snippet":"max-snippet:-1","max-image-preview":"max-image-preview:large","max-video-preview":"max-video-preview:-1"},"canonical":"https:\/\/blcorporations.com\/en\/bl-corp-se-hizo-presente-en-el-superclasico\/","og_locale":"en_US","og_type":"article","og_title":"BL Corp se hizo Presente en el Supercl\u00e1sico - BL Corporations | 25+ A\u00f1os de experiencia | Chile","og_description":"BL Corporations se hizo presente en el Supercl\u00e1sico del F\u00fatbol Chileno Santiago, 14 de septiembre de 2025 \u2014 Este domingo se vivi\u00f3 una nueva edici\u00f3n del Supercl\u00e1sico del f\u00fatbol chileno entre Colo-Colo y Universidad de Chile, uno de los encuentros m\u00e1s esperados del a\u00f1o y que paraliza a miles de fan\u00e1ticos a lo largo del [&hellip;]","og_url":"https:\/\/blcorporations.com\/en\/bl-corp-se-hizo-presente-en-el-superclasico\/","og_site_name":"BL Corporations | 25+ A\u00f1os de experiencia | Chile","article_published_time":"2025-09-14T07:19:48+00:00","article_modified_time":"2026-04-28T15:34:33+00:00","og_image":[{"width":1440,"height":1080,"url":"https:\/\/blcorporations.com\/wp-content\/uploads\/2025\/09\/Sin-titulo-1.jpg","type":"image\/jpeg"}],"author":"admon","twitter_card":"summary_large_image","twitter_misc":{"Written by":"admon","Est. reading time":"1 minute"},"schema":{"@context":"https:\/\/schema.org","@graph":[{"@type":"Article","@id":"https:\/\/blcorporations.com\/bl-corp-se-hizo-presente-en-el-superclasico\/#article","isPartOf":{"@id":"https:\/\/blcorporations.com\/bl-corp-se-hizo-presente-en-el-superclasico\/"},"author":{"name":"admon","@id":"https:\/\/blcorporations.com\/#\/schema\/person\/562e9f9458e11c39c588e3628a79d5ae"},"headline":"BL Corp se hizo Presente en el Supercl\u00e1sico","datePublished":"2025-09-14T07:19:48+00:00","dateModified":"2026-04-28T15:34:33+00:00","mainEntityOfPage":{"@id":"https:\/\/blcorporations.com\/bl-corp-se-hizo-presente-en-el-superclasico\/"},"wordCount":247,"publisher":{"@id":"https:\/\/blcorporations.com\/#organization"},"image":{"@id":"https:\/\/blcorporations.com\/bl-corp-se-hizo-presente-en-el-superclasico\/#primaryimage"},"thumbnailUrl":"https:\/\/blcorporations.com\/wp-content\/uploads\/2025\/09\/Sin-titulo-1.jpg","articleSection":["BL Corp"],"inLanguage":"en-US"},{"@type":"WebPage","@id":"https:\/\/blcorporations.com\/bl-corp-se-hizo-presente-en-el-superclasico\/","url":"https:\/\/blcorporations.com\/bl-corp-se-hizo-presente-en-el-superclasico\/","name":"BL Corp se hizo Presente en el Supercl\u00e1sico - BL Corporations | 25+ A\u00f1os de experiencia | Chile","isPartOf":{"@id":"https:\/\/blcorporations.com\/#website"},"primaryImageOfPage":{"@id":"https:\/\/blcorporations.com\/bl-corp-se-hizo-presente-en-el-superclasico\/#primaryimage"},"image":{"@id":"https:\/\/blcorporations.com\/bl-corp-se-hizo-presente-en-el-superclasico\/#primaryimage"},"thumbnailUrl":"https:\/\/blcorporations.com\/wp-content\/uploads\/2025\/09\/Sin-titulo-1.jpg","datePublished":"2025-09-14T07:19:48+00:00","dateModified":"2026-04-28T15:34:33+00:00","breadcrumb":{"@id":"https:\/\/blcorporations.com\/bl-corp-se-hizo-presente-en-el-superclasico\/#breadcrumb"},"inLanguage":"en-US","potentialAction":[{"@type":"ReadAction","target":["https:\/\/blcorporations.com\/bl-corp-se-hizo-presente-en-el-superclasico\/"]}]},{"@type":"ImageObject","inLanguage":"en-US","@id":"https:\/\/blcorporations.com\/bl-corp-se-hizo-presente-en-el-superclasico\/#primaryimage","url":"https:\/\/blcorporations.com\/wp-content\/uploads\/2025\/09\/Sin-titulo-1.jpg","contentUrl":"https:\/\/blcorporations.com\/wp-content\/uploads\/2025\/09\/Sin-titulo-1.jpg","width":1440,"height":1080,"caption":"S\u00faper Cl\u00e1sico"},{"@type":"BreadcrumbList","@id":"https:\/\/blcorporations.com\/bl-corp-se-hizo-presente-en-el-superclasico\/#breadcrumb","itemListElement":[{"@type":"ListItem","position":1,"name":"Portada","item":"https:\/\/blcorporations.com\/"},{"@type":"ListItem","position":2,"name":"BL Corp se hizo Presente en el Supercl\u00e1sico"}]},{"@type":"WebSite","@id":"https:\/\/blcorporations.com\/#website","url":"https:\/\/blcorporations.com\/","name":"BL Corporations Chile","description":"We integrate processes, solutions, and people in the same direction. We connect factories and borders through technology, precision, and a logistics network that leaves no empty spaces. Where others see routes, we see the future. That's what transforming global logistics is all about.","publisher":{"@id":"https:\/\/blcorporations.com\/#organization"},"alternateName":"BL Corporations","potentialAction":[{"@type":"SearchAction","target":{"@type":"EntryPoint","urlTemplate":"https:\/\/blcorporations.com\/?s={search_term_string}"},"query-input":{"@type":"PropertyValueSpecification","valueRequired":true,"valueName":"search_term_string"}}],"inLanguage":"en-US"},{"@type":"Organization","@id":"https:\/\/blcorporations.com\/#organization","name":"BL Corporations","url":"https:\/\/blcorporations.com\/","logo":{"@type":"ImageObject","inLanguage":"en-US","@id":"https:\/\/blcorporations.com\/#\/schema\/logo\/image\/","url":"https:\/\/blcorporations.com\/wp-content\/uploads\/2025\/08\/Logo-BL-03-scaled.png","contentUrl":"https:\/\/blcorporations.com\/wp-content\/uploads\/2025\/08\/Logo-BL-03-scaled.png","width":2560,"height":1508,"caption":"BL Corporations"},"image":{"@id":"https:\/\/blcorporations.com\/#\/schema\/logo\/image\/"},"sameAs":["https:\/\/www.linkedin.com\/in\/blcorporations\/"]},{"@type":"Person","@id":"https:\/\/blcorporations.com\/#\/schema\/person\/562e9f9458e11c39c588e3628a79d5ae","name":"admonish","image":{"@type":"ImageObject","inLanguage":"en-US","@id":"https:\/\/secure.gravatar.com\/avatar\/6812806546ca9a8b3bd194a5f728fb15a87f1fa8dbbff0a2a49b634b19759790?s=96&d=mm&r=g","url":"https:\/\/secure.gravatar.com\/avatar\/6812806546ca9a8b3bd194a5f728fb15a87f1fa8dbbff0a2a49b634b19759790?s=96&d=mm&r=g","contentUrl":"https:\/\/secure.gravatar.com\/avatar\/6812806546ca9a8b3bd194a5f728fb15a87f1fa8dbbff0a2a49b634b19759790?s=96&d=mm&r=g","caption":"admon"},"sameAs":["https:\/\/blcorporations.com"],"url":"https:\/\/blcorporations.com\/en\/author\/admon\/"}]}},"_links":{"self":[{"href":"https:\/\/blcorporations.com\/en\/wp-json\/wp\/v2\/posts\/180","targetHints":{"allow":["GET"]}}],"collection":[{"href":"https:\/\/blcorporations.com\/en\/wp-json\/wp\/v2\/posts"}],"about":[{"href":"https:\/\/blcorporations.com\/en\/wp-json\/wp\/v2\/types\/post"}],"author":[{"embeddable":true,"href":"https:\/\/blcorporations.com\/en\/wp-json\/wp\/v2\/users\/1"}],"replies":[{"embeddable":true,"href":"https:\/\/blcorporations.com\/en\/wp-json\/wp\/v2\/comments?post=180"}],"version-history":[{"count":46,"href":"https:\/\/blcorporations.com\/en\/wp-json\/wp\/v2\/posts\/180\/revisions"}],"predecessor-version":[{"id":6082,"href":"https:\/\/blcorporations.com\/en\/wp-json\/wp\/v2\/posts\/180\/revisions\/6082"}],"wp:featuredmedia":[{"embeddable":true,"href":"https:\/\/blcorporations.com\/en\/wp-json\/wp\/v2\/media\/6043"}],"wp:attachment":[{"href":"https:\/\/blcorporations.com\/en\/wp-json\/wp\/v2\/media?parent=180"}],"wp:term":[{"taxonomy":"category","embeddable":true,"href":"https:\/\/blcorporations.com\/en\/wp-json\/wp\/v2\/categories?post=180"},{"taxonomy":"post_tag","embeddable":true,"href":"https:\/\/blcorporations.com\/en\/wp-json\/wp\/v2\/tags?post=180"}],"curies":[{"name":"wp","href":"https:\/\/api.w.org\/{rel}","templated":true}]}}